{"id":1192,"date":"2026-04-28T10:00:17","date_gmt":"2026-04-28T13:00:17","guid":{"rendered":"https:\/\/abraind.com\/blog\/?p=1192"},"modified":"2026-04-24T14:04:12","modified_gmt":"2026-04-24T17:04:12","slug":"industria-catarinense","status":"publish","type":"post","link":"https:\/\/abraind.com\/blog\/industria-catarinense\/","title":{"rendered":"Ind\u00fastria Catarinense em 2026: dados, crescimento e futuro"},"content":{"rendered":"<p><span style=\"font-weight: 400;\">Minha trajet\u00f3ria de 20 anos no setor passa pela \u00e1rea t\u00eaxtil, metal\u00fargica e marketing. Ent\u00e3o, posso afirmar que uma caracter\u00edstica se mant\u00e9m consistente na ind\u00fastria catarinense.<\/span><\/p>\n<p><span style=\"font-weight: 400;\">Ela \u00e9 <\/span><b>constru\u00edda de dentro para fora<\/b><span style=\"font-weight: 400;\">.<\/span><\/p>\n<p><span style=\"font-weight: 400;\">A ind\u00fastria do estado se desenvolve na pr\u00e1tica, com <\/span><b>decis\u00f5es orientadas por opera\u00e7\u00e3o, efici\u00eancia e capacidade de adapta\u00e7\u00e3o<\/b><span style=\"font-weight: 400;\"> ao mercado.<\/span><\/p>\n<p><span style=\"font-weight: 400;\">Essa base explica porque, mesmo em cen\u00e1rios econ\u00f4micos desafiadores, a ind\u00fastria de Santa Catarina <\/span><b>mant\u00e9m consist\u00eancia e evolu\u00e7\u00e3o ao longo do tempo<\/b><span style=\"font-weight: 400;\">.<\/span><\/p>\n<h2><span style=\"font-weight: 400;\">Panorama atual: participa\u00e7\u00e3o, produtividade e relev\u00e2ncia nacional<\/span><\/h2>\n<p><span style=\"font-weight: 400;\">Santa Catarina ocupa uma posi\u00e7\u00e3o s\u00f3lida na manufatura nacional. Os dados comprovam.<\/span><\/p>\n<table>\n<tbody>\n<tr>\n<td><span style=\"font-weight: 400;\">Economia\u00a0<\/span><\/td>\n<td><span style=\"font-weight: 400;\">Setor industrial representa <\/span><b>28,7% do PIB estadual<\/b><span style=\"font-weight: 400;\"> (<\/span><a href=\"https:\/\/perfildaindustria.portaldaindustria.com.br\/estado\/sc\" target=\"_blank\" rel=\"noopener\"><span style=\"font-weight: 400;\">Portal da Ind\u00fastria<\/span><\/a><span style=\"font-weight: 400;\">)<\/span><\/td>\n<\/tr>\n<tr>\n<td><span style=\"font-weight: 400;\">Relev\u00e2ncia nacional<\/span><\/td>\n<td><span style=\"font-weight: 400;\">SC responde a <\/span><b>~5,1% do PIB<\/b><span style=\"font-weight: 400;\"> industrial do Brasil<\/span><\/td>\n<\/tr>\n<tr>\n<td><span style=\"font-weight: 400;\">Polos industriais descentralizados<\/span><\/td>\n<td><b>14 polos industriais<\/b><span style=\"font-weight: 400;\"> reconhecidos internacionalmente est\u00e3o localizados em SC<\/span><\/td>\n<\/tr>\n<tr>\n<td><span style=\"font-weight: 400;\">Regi\u00f5es destaque<\/span><\/td>\n<td><span style=\"font-weight: 400;\">Joinville e Jaragu\u00e1 do Sul<\/span><\/td>\n<\/tr>\n<tr>\n<td><span style=\"font-weight: 400;\">Principais segmentos<\/span><\/td>\n<td><span style=\"font-weight: 400;\">M\u00e1quinas<\/span><\/p>\n<p><span style=\"font-weight: 400;\">Equipamentos<\/span><\/p>\n<p><span style=\"font-weight: 400;\">Metalmec\u00e2nico<\/span><\/p>\n<p><span style=\"font-weight: 400;\">Madeira<\/span><\/p>\n<p><span style=\"font-weight: 400;\">Mobili\u00e1rio<\/span><\/p>\n<p><span style=\"font-weight: 400;\">Papel<\/span><\/p>\n<p><span style=\"font-weight: 400;\">Celulose<\/span><\/td>\n<\/tr>\n<tr>\n<td><span style=\"font-weight: 400;\">Capacidade produtiva<\/span><\/td>\n<td><span style=\"font-weight: 400;\">Estado<\/span><b> mais produtivo<\/b><span style=\"font-weight: 400;\"> do pa\u00eds em valor industrial (<\/span><a href=\"https:\/\/fiesc.com.br\/pt-br\/imprensa\/sc-e-o-estado-mais-produtivo-do-pais-em-valor-industrial-mostra-mapeamento-da-cni\" target=\"_blank\" rel=\"noopener\"><span style=\"font-weight: 400;\">FIESC<\/span><\/a><span style=\"font-weight: 400;\">)<\/span><\/td>\n<\/tr>\n<tr>\n<td><span style=\"font-weight: 400;\">Crescimento<\/span><\/td>\n<td><span style=\"font-weight: 400;\">Em 2024, SC liderou o <\/span><b>maior crescimento <\/b><span style=\"font-weight: 400;\">percentual da produ\u00e7\u00e3o industrial brasileira. <\/span><b>7,7% <\/b><span style=\"font-weight: 400;\">em compara\u00e7\u00e3o a 2023 (<\/span><a href=\"https:\/\/fiesc.com.br\/pt-br\/imprensa\/sc-lidera-expansao-da-industria-no-pais-em-2024\" target=\"_blank\" rel=\"noopener\"><span style=\"font-weight: 400;\">FIESC<\/span><\/a><span style=\"font-weight: 400;\">).\u00a0<\/span><\/td>\n<\/tr>\n<tr>\n<td><span style=\"font-weight: 400;\">Expans\u00e3o<\/span><\/td>\n<td><span style=\"font-weight: 400;\">Em 2025, SC apresentou <\/span><b>expans\u00e3o<\/b><span style=\"font-weight: 400;\"> de 3,2%.\u00a0<\/span><\/p>\n<p><span style=\"font-weight: 400;\">Frente os 0,6% a n\u00edvel nacional (<\/span><a href=\"https:\/\/agenciadenoticias.ibge.gov.br\/agencia-noticias\/2012-agencia-de-noticias\/noticias\/45826-producao-industrial-fecha-2025-com-avanco-em-10-dos-18-locais-pesquisados\" target=\"_blank\" rel=\"noopener\"><span style=\"font-weight: 400;\">IBGE<\/span><\/a><span style=\"font-weight: 400;\">)<\/span><\/td>\n<\/tr>\n<\/tbody>\n<\/table>\n<p><span style=\"font-weight: 400;\">Isso \u00e9 resultado direto de uma <\/span><b>base t\u00e9cnica consolidada<\/b><span style=\"font-weight: 400;\">, de uma <\/span><b>cultura de inova\u00e7\u00e3o orientada \u00e0 efici\u00eancia e de melhoria enraizada<\/b><span style=\"font-weight: 400;\">.\u00a0<\/span><\/p>\n<p><span style=\"font-weight: 400;\">Nestes anos, o crescimento foi puxado pelas \u00e1reas tradicionais: alimentos, constru\u00e7\u00e3o, m\u00e1quinas, vestu\u00e1rio e materiais el\u00e9tricos.\u00a0\u00a0<\/span><\/p>\n<h2><span style=\"font-weight: 400;\">Integra\u00e7\u00e3o produtiva: o mecanismo mais eficaz de efici\u00eancia<\/span><\/h2>\n<p><span style=\"font-weight: 400;\">O diferencial de SC n\u00e3o est\u00e1 apenas no que ela produz e na<\/span><a href=\"https:\/\/abraind.com\/blog\/o-que-e-a-industria-4-0\/\"> <span style=\"font-weight: 400;\">ind\u00fastria 4.0<\/span><\/a><span style=\"font-weight: 400;\">, mas em como ela se organiza estruturalmente.<\/span><\/p>\n<p><span style=\"font-weight: 400;\">No estado, h\u00e1 um elevado n\u00edvel de <\/span><b>integra\u00e7\u00e3o entre fornecedores, fabricantes e clientes<\/b><span style=\"font-weight: 400;\">, constru\u00eddo ao longo de d\u00e9cadas.<\/span><\/p>\n<p><span style=\"font-weight: 400;\">Na pr\u00e1tica, isso significa:<\/span><\/p>\n<ul>\n<li style=\"font-weight: 400;\" aria-level=\"1\"><span style=\"font-weight: 400;\">Cadeias produtivas encurtadas;<\/span><\/li>\n<li style=\"font-weight: 400;\" aria-level=\"1\"><span style=\"font-weight: 400;\">Maior previsibilidade operacional;<\/span><\/li>\n<li style=\"font-weight: 400;\" aria-level=\"1\"><span style=\"font-weight: 400;\">Capacidade de resposta mais r\u00e1pida a varia\u00e7\u00f5es de demanda.<\/span><\/li>\n<\/ul>\n<p><span style=\"font-weight: 400;\">Essa integra\u00e7\u00e3o \u00e9 especialmente vis\u00edvel no Vale do Itaja\u00ed e no Norte do estado. Ou seja, onde empresas operam em proximidade f\u00edsica e com alto grau de interdepend\u00eancia t\u00e9cnica.<\/span><\/p>\n<p><span style=\"font-weight: 400;\">O resultado n\u00e3o \u00e9 apenas efici\u00eancia interna, mas competitividade externa.<\/span><\/p>\n<p><span style=\"font-weight: 400;\">Empresas conseguem ajustar produ\u00e7\u00e3o, prazos e especifica\u00e7\u00f5es com agilidade. E isso \u00e9 algo decisivo em mercados industriais cada vez mais exigentes.<\/span><\/p>\n<p><span style=\"font-weight: 400;\">Por\u00e9m, h\u00e1 tamb\u00e9m um <\/span><b>ponto de alerta<\/b><span style=\"font-weight: 400;\">. Gosto de explicar isso pelo \u201c<\/span><i><span style=\"font-weight: 400;\">efeito domin\u00f3<\/span><\/i><span style=\"font-weight: 400;\">\u201d.<\/span><\/p>\n<p><span style=\"font-weight: 400;\">Imagine que, por algum motivo, uma montadora de carros oscila na produ\u00e7\u00e3o. Em uma analogia com as pe\u00e7as de domin\u00f3, o fornecedor vai sentir, assim como uma metal\u00fargica, fornecedora do a\u00e7o.<\/span><\/p>\n<p><span style=\"font-weight: 400;\">Por isso, \u00e9 preciso aten\u00e7\u00e3o: quem sobrevive e evolui \u00e9 aquele que tem uma <\/span><b>marca forte<\/b><span style=\"font-weight: 400;\"> e <\/span><b>\u00f3tima presen\u00e7a digital<\/b><span style=\"font-weight: 400;\">.<\/span><\/p>\n<p><span style=\"font-weight: 400;\">Com isso, ela deixa de depender de um \u00fanico grande cliente, abrindo o leque de oportunidades. Vou discutir esse tema ainda neste conte\u00fado.<\/span><\/p>\n<h2><span style=\"font-weight: 400;\">Diversifica\u00e7\u00e3o industrial: equil\u00edbrio que sustenta crescimento<\/span><\/h2>\n<p><img loading=\"lazy\" decoding=\"async\" class=\"alignnone wp-image-1195 size-full\" title=\"Diversifica\u00e7\u00e3o industrial catarinense\" src=\"https:\/\/abraind.com\/blog\/wp-content\/uploads\/2026\/04\/diversificacao-industrial-catarinense.jpg\" alt=\"Diversifica\u00e7\u00e3o industrial catarinense\" width=\"1124\" height=\"640\" srcset=\"https:\/\/abraind.com\/blog\/wp-content\/uploads\/2026\/04\/diversificacao-industrial-catarinense.jpg 1124w, https:\/\/abraind.com\/blog\/wp-content\/uploads\/2026\/04\/diversificacao-industrial-catarinense-300x171.jpg 300w, https:\/\/abraind.com\/blog\/wp-content\/uploads\/2026\/04\/diversificacao-industrial-catarinense-1024x583.jpg 1024w, https:\/\/abraind.com\/blog\/wp-content\/uploads\/2026\/04\/diversificacao-industrial-catarinense-768x437.jpg 768w, https:\/\/abraind.com\/blog\/wp-content\/uploads\/2026\/04\/diversificacao-industrial-catarinense-600x342.jpg 600w\" sizes=\"auto, (max-width: 1124px) 100vw, 1124px\" \/><\/p>\n<p><span style=\"font-weight: 400;\">Dizer que a ind\u00fastria catarinense \u00e9 diversificada \u00e9 correto, mas \u00e9 uma informa\u00e7\u00e3o apenas superficial.<\/span><\/p>\n<p><span style=\"font-weight: 400;\">A quest\u00e3o n\u00e3o \u00e9 quantos setores existem, mas de que forma eles <\/span><b>se distribuem e se sustentam<\/b><span style=\"font-weight: 400;\">.<\/span><\/p>\n<p><span style=\"font-weight: 400;\">A ind\u00fastria de transforma\u00e7\u00e3o lidera a composi\u00e7\u00e3o do estado, com destaque para:<\/span><\/p>\n<table>\n<tbody>\n<tr>\n<td><b>Setor<\/b><\/td>\n<td><b>Participa\u00e7\u00e3o no PIB Industrial (%)<\/b><\/td>\n<td><b>Destaque Regional<\/b><\/td>\n<\/tr>\n<tr>\n<td><span style=\"font-weight: 400;\">Alimentos<\/span><\/td>\n<td><span style=\"font-weight: 400;\">16,0<\/span><\/td>\n<td><span style=\"font-weight: 400;\">Oeste e agroindustrial<\/span><\/td>\n<\/tr>\n<tr>\n<td><span style=\"font-weight: 400;\">Constru\u00e7\u00e3o<\/span><\/td>\n<td><span style=\"font-weight: 400;\">14,5<\/span><\/td>\n<td><span style=\"font-weight: 400;\">Diversificado<\/span><\/td>\n<\/tr>\n<tr>\n<td><span style=\"font-weight: 400;\">M\u00e1quinas e El\u00e9tricos<\/span><\/td>\n<td><span style=\"font-weight: 400;\">7,5<\/span><\/td>\n<td><span style=\"font-weight: 400;\">Norte (Joinville)<\/span><\/td>\n<\/tr>\n<tr>\n<td><span style=\"font-weight: 400;\">Vestu\u00e1rio<\/span><\/td>\n<td><span style=\"font-weight: 400;\">7,2<\/span><\/td>\n<td><span style=\"font-weight: 400;\">Vale do Itaja\u00ed<\/span><\/td>\n<\/tr>\n<tr>\n<td><span style=\"font-weight: 400;\">M\u00e1quinas e Equipamentos<\/span><\/td>\n<td><span style=\"font-weight: 400;\">5,9<\/span><\/td>\n<td><span style=\"font-weight: 400;\">Norte (Jaragu\u00e1 do Sul)<\/span><\/td>\n<\/tr>\n<\/tbody>\n<\/table>\n<p><span style=\"font-weight: 400;\">Esses segmentos concentram mais de 50% da atividade industrial, mas operam com din\u00e2micas diferentes.<\/span><\/p>\n<p><span style=\"font-weight: 400;\">Alimentos e constru\u00e7\u00e3o respondem rapidamente a varia\u00e7\u00f5es de demanda interna;<\/span><\/p>\n<p><span style=\"font-weight: 400;\">M\u00e1quinas e equipamentos e metalmec\u00e2nico t\u00eam ciclos longos e maior exposi\u00e7\u00e3o a investimentos industriais.<\/span><\/p>\n<p><span style=\"font-weight: 400;\">Essa combina\u00e7\u00e3o cria um equil\u00edbrio operacional interessante:<\/span><\/p>\n<ul>\n<li style=\"font-weight: 400;\" aria-level=\"1\"><span style=\"font-weight: 400;\">Parte das empresas reagem r\u00e1pido;<\/span><\/li>\n<li style=\"font-weight: 400;\" aria-level=\"1\"><span style=\"font-weight: 400;\">Parte sustenta crescimento de longo prazo.<\/span><\/li>\n<\/ul>\n<p><span style=\"font-weight: 400;\">Al\u00e9m disso, setores tradicionais (<\/span><a href=\"https:\/\/abraind.com\/blog\/industria-textil-no-brasil\/\"><span style=\"font-weight: 400;\">t\u00eaxtil<\/span><\/a><span style=\"font-weight: 400;\">,<\/span><a href=\"https:\/\/abraind.com\/blog\/industria-de-alimentos\/\"> <span style=\"font-weight: 400;\">alimentos<\/span><\/a><span style=\"font-weight: 400;\"> e metalomec\u00e2nico) continuam atuando como motores consistentes de crescimento, n\u00e3o pela novidade, mas pela capacidade de adapta\u00e7\u00e3o.<\/span><\/p>\n<h2><span style=\"font-weight: 400;\">Din\u00e2mica de mercado: expans\u00e3o com base operacional s\u00f3lida<\/span><\/h2>\n<p><img loading=\"lazy\" decoding=\"async\" class=\"alignnone wp-image-1196 size-full\" title=\"Mercado industrial catarinense \" src=\"https:\/\/abraind.com\/blog\/wp-content\/uploads\/2026\/04\/mercado-industrial-catarinense.jpg\" alt=\"Mercado industrial catarinense \" width=\"1124\" height=\"640\" srcset=\"https:\/\/abraind.com\/blog\/wp-content\/uploads\/2026\/04\/mercado-industrial-catarinense.jpg 1124w, https:\/\/abraind.com\/blog\/wp-content\/uploads\/2026\/04\/mercado-industrial-catarinense-300x171.jpg 300w, https:\/\/abraind.com\/blog\/wp-content\/uploads\/2026\/04\/mercado-industrial-catarinense-1024x583.jpg 1024w, https:\/\/abraind.com\/blog\/wp-content\/uploads\/2026\/04\/mercado-industrial-catarinense-768x437.jpg 768w, https:\/\/abraind.com\/blog\/wp-content\/uploads\/2026\/04\/mercado-industrial-catarinense-600x342.jpg 600w\" sizes=\"auto, (max-width: 1124px) 100vw, 1124px\" \/><\/p>\n<p><span style=\"font-weight: 400;\">Com uma base produtiva estruturada, o <\/span><b>avan\u00e7o acontece progressivamente<\/b><span style=\"font-weight: 400;\">.<\/span><\/p>\n<p><span style=\"font-weight: 400;\">Isso \u00e9 consequ\u00eancia direta da opera\u00e7\u00e3o e abre portas para:<\/span><\/p>\n<ul>\n<li style=\"font-weight: 400;\" aria-level=\"1\"><span style=\"font-weight: 400;\">Expans\u00e3o para novos mercados;<\/span><\/li>\n<li style=\"font-weight: 400;\" aria-level=\"1\"><span style=\"font-weight: 400;\">Amplia\u00e7\u00e3o da base de clientes;<\/span><\/li>\n<li style=\"font-weight: 400;\" aria-level=\"1\"><span style=\"font-weight: 400;\">Inser\u00e7\u00e3o em cadeias produtivas mais complexas.<\/span><\/li>\n<\/ul>\n<p><span style=\"font-weight: 400;\">Ao mesmo tempo, cresce a aten\u00e7\u00e3o ao<\/span><b> posicionamento digital<\/b><span style=\"font-weight: 400;\">.<\/span><\/p>\n<p><span style=\"font-weight: 400;\">Segmentos tecnicamente consistentes passam a entender que essa consist\u00eancia \u00e9 importante onde a credibilidade \u00e9 determinante.<\/span><\/p>\n<h2><span style=\"font-weight: 400;\">Ind\u00fastria que evolui n\u00e3o precisa perder sua origem<\/span><\/h2>\n<p><span style=\"font-weight: 400;\">O que venho observando ao longo dos anos \u00e9 um padr\u00e3o positivo: a ind\u00fastria catarinense evolui ano ap\u00f3s ano, mas <\/span><b>preserva sua ess\u00eancia<\/b><span style=\"font-weight: 400;\">.<\/span><\/p>\n<p><span style=\"font-weight: 400;\">Ela mant\u00e9m proximidade com a opera\u00e7\u00e3o, valoriza a forma\u00e7\u00e3o t\u00e9cnica e incorpora melhorias de forma cont\u00ednua.\u00a0<\/span><\/p>\n<p><span style=\"font-weight: 400;\">Esse <\/span><b>equil\u00edbrio entre pr\u00e1tica e evolu\u00e7\u00e3o<\/b><span style=\"font-weight: 400;\"> \u00e9 o que sustenta sua relev\u00e2ncia atual e orienta seu desenvolvimento nos pr\u00f3ximos anos.<\/span><\/p>\n<p><span style=\"font-weight: 400;\">Ao mesmo tempo, ind\u00fastrias com opera\u00e7\u00e3o s\u00f3lida olham com aten\u00e7\u00e3o para seu posicionamento no mercado.<\/span><\/p>\n<p><span style=\"font-weight: 400;\">N\u00e3o visando mudar o que fazem, mas para tornar isso <\/span><b>claro, reconhecido e consistente<\/b><span style=\"font-weight: 400;\">.<\/span><\/p>\n<p><span style=\"font-weight: 400;\">Por isso, a constru\u00e7\u00e3o de uma marca forte \u00e9 estrat\u00e9gica:<\/span><\/p>\n<ul>\n<li style=\"font-weight: 400;\" aria-level=\"1\"><span style=\"font-weight: 400;\">Marca forte facilita rela\u00e7\u00f5es comerciais;<\/span><\/li>\n<li style=\"font-weight: 400;\" aria-level=\"1\"><span style=\"font-weight: 400;\">Presen\u00e7a amplia alcance;<\/span><\/li>\n<li style=\"font-weight: 400;\" aria-level=\"1\"><span style=\"font-weight: 400;\">Posicionamento reduz a depend\u00eancia de poucos clientes.<\/span><\/li>\n<\/ul>\n<p><span style=\"font-weight: 400;\">A <\/span><b>presen\u00e7a digital<\/b><span style=\"font-weight: 400;\"> segue a mesma l\u00f3gica. Ela \u00e9 uma extens\u00e3o da opera\u00e7\u00e3o, tornando vis\u00edvel aquilo que j\u00e1 existe em termos de capacidade produtiva, qualidade e especializa\u00e7\u00e3o.<\/span><\/p>\n<p><span style=\"font-weight: 400;\">Na pr\u00e1tica, est\u00e1 alinhada ao<\/span><a href=\"https:\/\/abraind.com\/marketing-industrial\"> <span style=\"font-weight: 400;\">marketing industrial<\/span><\/a><span style=\"font-weight: 400;\">, exigindo uma estrutura completa.<\/span><\/p>\n<ul>\n<li style=\"font-weight: 400;\" aria-level=\"1\"><a href=\"https:\/\/abraind.com\/marketing\/seo\"><span style=\"font-weight: 400;\">SEO<\/span><\/a><span style=\"font-weight: 400;\">: permite que a ind\u00fastria seja encontrada por quem est\u00e1 buscando solu\u00e7\u00f5es t\u00e9cnicas espec\u00edficas;<\/span><\/li>\n<li style=\"font-weight: 400;\" aria-level=\"1\"><a href=\"https:\/\/abraind.com\/marketing\/trafego-pago\"><span style=\"font-weight: 400;\">Tr\u00e1fego pago<\/span><\/a><span style=\"font-weight: 400;\">: complementa esse movimento, acelerando a gera\u00e7\u00e3o de demanda, com controle sobre onde e como a empresa aparece;<\/span><\/li>\n<li style=\"font-weight: 400;\" aria-level=\"1\"><a href=\"https:\/\/abraind.com\/marketing\/sites\"><span style=\"font-weight: 400;\">Sites institucionais<\/span><\/a><span style=\"font-weight: 400;\">: t\u00eam um papel ativo para comunicar com clareza sua capacidade, diferenciais e aplica\u00e7\u00f5es reais;<\/span><\/li>\n<li style=\"font-weight: 400;\" aria-level=\"1\"><a href=\"https:\/\/abraind.com\/blog\/e-mail-marketing-b2b\/\"><span style=\"font-weight: 400;\">E-mail marketing<\/span><\/a><span style=\"font-weight: 400;\">: mant\u00e9m o relacionamento ativo ao longo do tempo, especialmente em ciclos de decis\u00e3o longos, onde presen\u00e7a constante influencia a escolha.<\/span><\/li>\n<\/ul>\n<p><span style=\"font-weight: 400;\">Quando esses elementos est\u00e3o integrados, a <\/span><b>presen\u00e7a digital vira parte do pr\u00f3prio sistema comercial catarinense<\/b><span style=\"font-weight: 400;\">.<\/span><\/p>\n<blockquote><p><span style=\"font-weight: 400;\">\u00a0 <\/span><span style=\"font-weight: 400;\">Leia tamb\u00e9m:<\/span><a href=\"https:\/\/abraind.com\/blog\/marketing-digital-para-industrias\/\"> <span style=\"font-weight: 400;\">Por que investir em marketing digital para ind\u00fastrias?<\/span><\/a><\/p><\/blockquote>\n<h2><span style=\"font-weight: 400;\">A abraind atua ao lado de quem decide crescer com dire\u00e7\u00e3o<\/span><\/h2>\n<p><span style=\"font-weight: 400;\">Ind\u00fastrias que alinham efici\u00eancia operacional com posicionamento operam com previsibilidade comercial.<\/span><\/p>\n<p><span style=\"font-weight: 400;\">Se esse movimento faz parte da realidade da sua ind\u00fastria, fale com a abraind e estruture o crescimento do seu neg\u00f3cio com previsibilidade.<\/span><\/p>\n<section id=\"brxe-3f5fff\" class=\"brxe-section\"><div id=\"brxe-7dd8d5\" class=\"brxe-block\"><div id=\"brxe-1f4028\" class=\"brxe-text\"><p><span style=\"color: #499ad4; font-weigth: 600;\">Marketing B2B para ind\u00fastrias<\/span><br \/>\nque precisam vender com<br \/>\nprevisibilidade<\/p>\n<\/div><a id=\"brxe-5c4b57\" class=\"brxe-button bricks-button\" href=\"https:\/\/pages.abraind.com\/marketing-b2b-para-industrias\" target=\"_blank\"><svg class=\"\" xmlns=\"http:\/\/www.w3.org\/2000\/svg\" width=\"32\" height=\"32\" viewBox=\"0 0 24 24\"><!-- Icon from Material Symbols Light by Google - https:\/\/github.com\/google\/material-design-icons\/blob\/master\/LICENSE --><path fill=\"#ffffff\" d=\"M12.003 21q-1.866 0-3.51-.708q-1.643-.709-2.859-1.924t-1.925-2.856T3 12.003t.709-3.51Q4.417 6.85 5.63 5.634t2.857-1.925T11.997 3t3.51.709q1.643.708 2.859 1.922t1.925 2.857t.709 3.509t-.708 3.51t-1.924 2.859t-2.856 1.925t-3.509.709\"><\/path><\/svg>falar com a abraind<\/a><\/div><\/section>\n","protected":false},"excerpt":{"rendered":"<p>Minha trajet\u00f3ria de 20 anos no setor passa pela \u00e1rea t\u00eaxtil, metal\u00fargica e marketing. Ent\u00e3o, posso afirmar que uma caracter\u00edstica se mant\u00e9m consistente na ind\u00fastria catarinense. Ela \u00e9 constru\u00edda de dentro para fora. A ind\u00fastria do estado se desenvolve na pr\u00e1tica, com decis\u00f5es orientadas por opera\u00e7\u00e3o, efici\u00eancia e capacidade de adapta\u00e7\u00e3o ao mercado. Essa base [&hellip;]<\/p>\n","protected":false},"author":2,"featured_media":1194,"comment_status":"open","ping_status":"open","sticky":false,"template":"","format":"standard","meta":{"footnotes":""},"categories":[10],"tags":[],"class_list":["post-1192","post","type-post","status-publish","format-standard","has-post-thumbnail","hentry","category-marketing-b2b"],"_links":{"self":[{"href":"https:\/\/abraind.com\/blog\/wp-json\/wp\/v2\/posts\/1192","targetHints":{"allow":["GET"]}}],"collection":[{"href":"https:\/\/abraind.com\/blog\/wp-json\/wp\/v2\/posts"}],"about":[{"href":"https:\/\/abraind.com\/blog\/wp-json\/wp\/v2\/types\/post"}],"author":[{"embeddable":true,"href":"https:\/\/abraind.com\/blog\/wp-json\/wp\/v2\/users\/2"}],"replies":[{"embeddable":true,"href":"https:\/\/abraind.com\/blog\/wp-json\/wp\/v2\/comments?post=1192"}],"version-history":[{"count":1,"href":"https:\/\/abraind.com\/blog\/wp-json\/wp\/v2\/posts\/1192\/revisions"}],"predecessor-version":[{"id":1197,"href":"https:\/\/abraind.com\/blog\/wp-json\/wp\/v2\/posts\/1192\/revisions\/1197"}],"wp:featuredmedia":[{"embeddable":true,"href":"https:\/\/abraind.com\/blog\/wp-json\/wp\/v2\/media\/1194"}],"wp:attachment":[{"href":"https:\/\/abraind.com\/blog\/wp-json\/wp\/v2\/media?parent=1192"}],"wp:term":[{"taxonomy":"category","embeddable":true,"href":"https:\/\/abraind.com\/blog\/wp-json\/wp\/v2\/categories?post=1192"},{"taxonomy":"post_tag","embeddable":true,"href":"https:\/\/abraind.com\/blog\/wp-json\/wp\/v2\/tags?post=1192"}],"curies":[{"name":"wp","href":"https:\/\/api.w.org\/{rel}","templated":true}]}}